{"id":1445,"date":"2022-09-09T19:29:16","date_gmt":"2022-09-09T17:29:16","guid":{"rendered":"http:\/\/www.stolpersteine.lautre.net\/wp\/?p=1445"},"modified":"2023-02-16T14:26:14","modified_gmt":"2023-02-16T13:26:14","slug":"ceremonies-de-poses-du-18-juillet-2022","status":"publish","type":"post","link":"http:\/\/www.stolpersteine.lautre.net\/wp\/2022\/09\/09\/ceremonies-de-poses-du-18-juillet-2022\/","title":{"rendered":"C\u00e9r\u00e9monies de poses du 18 juillet 2022"},"content":{"rendered":"\n<p>Quelques mots du pr\u00e9sident de l\u2019association Stolpersteine 67 en cette journ\u00e9e du 18 juillet 2022&nbsp;:<\/p>\n\n\n\n<p><strong>\u00ab Le lundi 18 juillet dernier, 4 importantes c\u00e9r\u00e9monies de poses de Stolpersteine ont eu lieu \u00e0 Strasbourg ville.<\/strong><\/p>\n\n\n\n<p><strong>La c\u00e9r\u00e9monie officielle qui a marqu\u00e9 le d\u00e9but des poses, s\u2019est d\u00e9roul\u00e9e au 26 avenue de la Marseillaise, \u00e0 la m\u00e9moire de la famille Bloch, dont les 4 membres, David, Simone, Jacques et Liliane, ont \u00e9t\u00e9 d\u00e9port\u00e9s le 20 novembre 1943 par le convoi 62 et assassin\u00e9s le 25 novembre, 36 heures apr\u00e8s leur arriv\u00e9e \u00e0 Auschwitz\u2026<\/strong><\/p>\n\n\n\n<p><strong>De tr\u00e8s nombreuses personnalit\u00e9s repr\u00e9sentant l\u2019ex\u00e9cutif municipal et eurom\u00e9tropolitain, la Collectivit\u00e9 Europ\u00e9enne d\u2019Alsace, la R\u00e9gion Grand-Est, les \u00e9lus locaux, les conseillers d\u00e9partementaux, les responsables associatifs ainsi que les responsables des Archives d\u00e9partementales du Bas-Rhin et des Archives de la Ville de Strasbourg, \u00e9taient pr\u00e9sents \u00e0 la c\u00e9r\u00e9monie autour des proches et descendants venus de Paris et d\u2019Isra\u00ebl. Les responsables des grandes institutions juives de la ville et du Grand Est, le Consistoire Isra\u00e9lite du Bas-Rhin, le Fond Social Juif Unifi\u00e9 et le Conseil Repr\u00e9sentatif des Institutions juives de France \u00e9taient repr\u00e9sent\u00e9es \u00e0 cette c\u00e9r\u00e9monie au plus haut niveau.<\/strong><\/p>\n\n\n\n<p><strong>Les interventions successives des \u00e9lus et responsables ont soulign\u00e9 l\u2019importance du devoir d\u2019Histoire et de M\u00e9moire qu\u2019il faut associer, la particularit\u00e9 des Stolpersteine, forme de dissolution du monumental et projet qui rem\u00e9more les victimes dans leur singularit\u00e9 pour contrer l\u2019id\u00e9ologie d\u2019extermination de masse voulue par le nazisme a \u00e9t\u00e9 \u00e9galement \u00e9voqu\u00e9e.<\/strong><\/p>\n\n\n\n<p><strong>Le destin particulier et souvent tragique de nos communaut\u00e9s juives alsaciennes a \u00e9t\u00e9 aussi rappel\u00e9 \u00e0 plusieurs reprises ainsi que la lutte contre toutes les formes de racisme et d\u2019antis\u00e9mitisme par le biais de l\u2019\u00e9ducation et de la p\u00e9dagogie dans les coll\u00e8ges et les lyc\u00e9es.<\/strong><\/p>\n\n\n\n<p><strong>Les interventions des enseignants et des \u00e9l\u00e8ves des lyc\u00e9es Pontonniers, ORT et Oberlin ont \u00e9t\u00e9 remarquables&nbsp;: po\u00e9sie, chants, quatuor de musique classique, &nbsp;interventions th\u00e9\u00e2trales\u2026 ont montr\u00e9 l\u2019investissement de ces structures scolaires dans le champ m\u00e9moriel, en \u00e9cho et en accord avec le volet p\u00e9dagogique de l\u2019association Stolpersteine 67.<\/strong><\/p>\n\n\n\n<p><strong>Les c\u00e9r\u00e9monies suivantes de poses de Stolpersteine aux 4 coins de la ville, ont rem\u00e9mor\u00e9 des figures et des destin\u00e9es diff\u00e9rentes&nbsp;: Jean Heller, R\u00e9sistant n\u00e9 en 1920 \u00e0 Brumath, maquisard, ex\u00e9cut\u00e9 le 12 juillet 1944 \u00e0 Toussieu avec un groupe de r\u00e9sistants de Haute-Loire.<\/strong><\/p>\n\n\n\n<p><strong>Lucien Kahn, n\u00e9 en 1887 \u00e0 Dettwiller, victime juive du massacre des <em>Puits de Guerry<\/em> \u00e0 Savigny-en-Septaine dans le Cher, assassin\u00e9 le 24 juillet 1944.<\/strong><\/p>\n\n\n\n<p><strong>Et Oscar Erlich, n\u00e9 en 1921 \u00e0 Tarnobrzeg en Pologne, \u00e9tudiant en \u00e9cole d\u2019ing\u00e9nieur, arr\u00eat\u00e9 le 27 f\u00e9vrier 1943 \u00e0 P\u00e9rigueux en Dordogne, d\u00e9port\u00e9 \u00e0 Sobibor, assassin\u00e9 le 11 mars 1943 le jour de son arriv\u00e9 au camp.<\/strong><\/p>\n\n\n\n<p><strong>Ces c\u00e9r\u00e9monies, qui ont r\u00e9uni de tr\u00e8s nombreux officiels, les descendants ou proches des familles des d\u00e9port\u00e9s et des coreligionnaires des communaut\u00e9s de Strasbourg et du Bas-Rhin, ont eu un \u00e9cho tr\u00e8s fort aupr\u00e8s des participants, les \u00e9vocations des destin\u00e9es et des trag\u00e9dies v\u00e9cues ont \u00e9t\u00e9 toutes&nbsp; empreintes d\u2019\u00e9motion.<\/strong>&nbsp;<\/p>\n\n\n\n<p><strong>Rappeler l\u2018importance du devoir d\u2019histoire et de m\u00e9moire, d\u00e9ployer un volet p\u00e9dagogique, refouler l\u2019oubli, l\u2019in\u00e9luctable \u00e9rosion de la m\u00e9moire et la fugacit\u00e9 du souvenir, telles sont les intentions revendiqu\u00e9es aussi par le projet Stolpersteine \u00bb.<\/strong><\/p>\n\n\n\n<p class=\"has-text-align-right\"><strong><em>Richard Aboaf<\/em>, <em>Pr\u00e9sident Association Stolpersteine 67<\/em>.<\/strong><\/p>\n\n\n\n<div class=\"wp-block-image is-style-default\"><figure class=\"aligncenter size-large\"><img decoding=\"async\" loading=\"lazy\" width=\"1024\" height=\"683\" src=\"http:\/\/www.stolpersteine.lautre.net\/wp\/wp-content\/uploads\/2022\/09\/Image2-1024x683.jpg\" alt=\"\" class=\"wp-image-1461\" srcset=\"http:\/\/www.stolpersteine.lautre.net\/wp\/wp-content\/uploads\/2022\/09\/Image2-1024x683.jpg 1024w, http:\/\/www.stolpersteine.lautre.net\/wp\/wp-content\/uploads\/2022\/09\/Image2-300x200.jpg 300w, http:\/\/www.stolpersteine.lautre.net\/wp\/wp-content\/uploads\/2022\/09\/Image2-768x513.jpg 768w, http:\/\/www.stolpersteine.lautre.net\/wp\/wp-content\/uploads\/2022\/09\/Image2.jpg 1386w\" sizes=\"(max-width: 767px) 89vw, (max-width: 1000px) 54vw, (max-width: 1071px) 543px, 580px\" \/><figcaption><em>\u00a9 Archives de Stolpersteine 67<\/em><\/figcaption><\/figure><\/div>\n\n\n\n<p>En ce lundi 18 juillet 2022, s&rsquo;est d\u00e9roul\u00e9e une nouvelle journ\u00e9e de poses de Stolpersteine \u00e0 Strasbourg, en la m\u00e9moire des victimes de la politique nazie au cours de la Seconde guerre mondiale. \u00c0 10 heures, une <strong>c\u00e9r\u00e9monie officielle<\/strong> fut organis\u00e9e, en pr\u00e9sence d\u2019\u00e9lus de la R\u00e9gion Grand Est, de la Collectivit\u00e9 europ\u00e9enne d\u2019Alsace, de la Ville de Strasbourg et de l\u2019Eurom\u00e9tropole, de repr\u00e9sentants des familles, du CIBR, du FSJU, du CRIF, du Souvenir fran\u00e7ais et d\u2019\u00e9l\u00e8ves des lyc\u00e9es ORT et Pontonniers de Strasbourg\u2026 Et bien \u00e9videmment, sans oublier la pr\u00e9sence des familles venues honorer les poses.<strong> \u00a0\u00a0\u00a0\u00a0\u00a0\u00a0\u00a0\u00a0\u00a0\u00a0\u00a0\u00a0\u00a0\u00a0\u00a0\u00a0 \u00a0\u00a0\u00a0\u00a0\u00a0\u00a0\u00a0\u00a0\u00a0\u00a0\u00a0<\/strong><\/p>\n\n\n\n<div class=\"wp-block-image\"><figure class=\"alignleft size-full is-resized\"><img decoding=\"async\" loading=\"lazy\" src=\"http:\/\/www.stolpersteine.lautre.net\/wp\/wp-content\/uploads\/2022\/09\/Image1-1.jpg\" alt=\"\" class=\"wp-image-1457\" width=\"353\" height=\"470\" srcset=\"http:\/\/www.stolpersteine.lautre.net\/wp\/wp-content\/uploads\/2022\/09\/Image1-1.jpg 470w, http:\/\/www.stolpersteine.lautre.net\/wp\/wp-content\/uploads\/2022\/09\/Image1-1-225x300.jpg 225w\" sizes=\"(max-width: 353px) 100vw, 353px\" \/><figcaption>  <em>\u00a9 Archives de Stolpersteine 67<\/em>  <\/figcaption><\/figure><\/div>\n\n\n\n<p>Ainsi,<strong> \u00e0 10 heures<\/strong>, quatre Stolpersteine ont \u00e9t\u00e9 pos\u00e9s en la m\u00e9moire de<strong> David BLOCH, Simone BLOCH, Jacques BLOCH, Liliane BLOCH<\/strong>&nbsp;; au 26 avenue de la Marseillaise. La c\u00e9r\u00e9monie officielle d\u00e9buta par un discours du pr\u00e9sident de l\u2019association Richard Aboaf, pr\u00e9c\u00e9d\u00e9 de la prise de parole de l\u2019adjointe de la maire Anne Mistler, puis de celles de nombreux intervenants : telle que Salom\u00e9 BLOCH-BERTHI\u00c9, un membre de la famille comm\u00e9mor\u00e9e aujourd\u2019hui. Une fratrie ukrainienne, d\u2019un violoncelle et de quatre violons, anima les coeurs des personnes pr\u00e9sentes au son de la Sarabande de Haendel. Puis, un chant en h\u00e9breu fut \u00e9galement interpr\u00e9t\u00e9 par une \u00e9l\u00e8ve du lyc\u00e9e des Pontonniers, suivie de deux autres \u00e9l\u00e8ves du lyc\u00e9e ORT, com\u00e9diennes, qui nous ont offert une puissante et vivante repr\u00e9sentation th\u00e9\u00e2trale. Ensuite, d&rsquo;une voix harmonieuse et pleine de consid\u00e9ration, un miliaire chanta. Enfin, la descendante de la famille d\u00e9posa quelques fleurs pour clore la c\u00e9r\u00e9monie, et parachever le recueillement de chacun.<\/p>\n\n\n\n<div class=\"wp-block-image\"><figure class=\"aligncenter size-large is-resized\"><img decoding=\"async\" loading=\"lazy\" src=\"http:\/\/www.stolpersteine.lautre.net\/wp\/wp-content\/uploads\/2022\/09\/20220718_102354-1024x768.jpg\" alt=\"\" class=\"wp-image-1459\" width=\"512\" height=\"384\" srcset=\"http:\/\/www.stolpersteine.lautre.net\/wp\/wp-content\/uploads\/2022\/09\/20220718_102354-1024x768.jpg 1024w, http:\/\/www.stolpersteine.lautre.net\/wp\/wp-content\/uploads\/2022\/09\/20220718_102354-300x225.jpg 300w, http:\/\/www.stolpersteine.lautre.net\/wp\/wp-content\/uploads\/2022\/09\/20220718_102354-768x576.jpg 768w, http:\/\/www.stolpersteine.lautre.net\/wp\/wp-content\/uploads\/2022\/09\/20220718_102354-1536x1152.jpg 1536w, http:\/\/www.stolpersteine.lautre.net\/wp\/wp-content\/uploads\/2022\/09\/20220718_102354-2048x1536.jpg 2048w\" sizes=\"(max-width: 512px) 100vw, 512px\" \/><figcaption> <em>\u00a9 Archives de Stolpersteine 67 \/ Florian BUDA<\/em><\/figcaption><\/figure><\/div>\n\n\n\n<figure class=\"wp-block-image size-large\"><img decoding=\"async\" loading=\"lazy\" width=\"1024\" height=\"683\" src=\"http:\/\/www.stolpersteine.lautre.net\/wp\/wp-content\/uploads\/2022\/09\/Image4-1024x683.jpg\" alt=\"\" class=\"wp-image-1469\" srcset=\"http:\/\/www.stolpersteine.lautre.net\/wp\/wp-content\/uploads\/2022\/09\/Image4-1024x683.jpg 1024w, http:\/\/www.stolpersteine.lautre.net\/wp\/wp-content\/uploads\/2022\/09\/Image4-300x200.jpg 300w, http:\/\/www.stolpersteine.lautre.net\/wp\/wp-content\/uploads\/2022\/09\/Image4-768x512.jpg 768w, http:\/\/www.stolpersteine.lautre.net\/wp\/wp-content\/uploads\/2022\/09\/Image4.jpg 1452w\" sizes=\"(max-width: 767px) 89vw, (max-width: 1000px) 54vw, (max-width: 1071px) 543px, 580px\" \/><figcaption> <em>\u00a9 Archives de Stolpersteine 67 <\/em><\/figcaption><\/figure>\n\n\n\n<div class=\"wp-block-image\"><figure class=\"aligncenter size-large is-resized\"><img decoding=\"async\" loading=\"lazy\" src=\"http:\/\/www.stolpersteine.lautre.net\/wp\/wp-content\/uploads\/2022\/09\/20220718_110115-1024x768.jpg\" alt=\"\" class=\"wp-image-1499\" width=\"768\" height=\"576\" srcset=\"http:\/\/www.stolpersteine.lautre.net\/wp\/wp-content\/uploads\/2022\/09\/20220718_110115-1024x768.jpg 1024w, http:\/\/www.stolpersteine.lautre.net\/wp\/wp-content\/uploads\/2022\/09\/20220718_110115-300x225.jpg 300w, http:\/\/www.stolpersteine.lautre.net\/wp\/wp-content\/uploads\/2022\/09\/20220718_110115-768x576.jpg 768w, http:\/\/www.stolpersteine.lautre.net\/wp\/wp-content\/uploads\/2022\/09\/20220718_110115-1536x1152.jpg 1536w, http:\/\/www.stolpersteine.lautre.net\/wp\/wp-content\/uploads\/2022\/09\/20220718_110115-2048x1536.jpg 2048w\" sizes=\"(max-width: 767px) 89vw, (max-width: 1000px) 54vw, (max-width: 1071px) 543px, 580px\" \/><figcaption> <em>\u00a9 Archives de Stolpersteine 67 \/ Florian BUDA<\/em> <\/figcaption><\/figure><\/div>\n\n\n\n<div class=\"wp-block-image\"><figure class=\"aligncenter size-full is-resized\"><img decoding=\"async\" loading=\"lazy\" src=\"http:\/\/www.stolpersteine.lautre.net\/wp\/wp-content\/uploads\/2022\/09\/Image3.jpg\" alt=\"\" class=\"wp-image-1463\" width=\"607\" height=\"405\" srcset=\"http:\/\/www.stolpersteine.lautre.net\/wp\/wp-content\/uploads\/2022\/09\/Image3.jpg 607w, http:\/\/www.stolpersteine.lautre.net\/wp\/wp-content\/uploads\/2022\/09\/Image3-300x200.jpg 300w\" sizes=\"(max-width: 607px) 100vw, 607px\" \/><figcaption> <em>\u00a9 Archives de Stolpersteine 67 <\/em><\/figcaption><\/figure><\/div>\n\n\n\n<figure class=\"wp-block-image size-full\"><img decoding=\"async\" loading=\"lazy\" width=\"906\" height=\"605\" src=\"http:\/\/www.stolpersteine.lautre.net\/wp\/wp-content\/uploads\/2022\/09\/Image5.jpg\" alt=\"\" class=\"wp-image-1471\" srcset=\"http:\/\/www.stolpersteine.lautre.net\/wp\/wp-content\/uploads\/2022\/09\/Image5.jpg 906w, http:\/\/www.stolpersteine.lautre.net\/wp\/wp-content\/uploads\/2022\/09\/Image5-300x200.jpg 300w, http:\/\/www.stolpersteine.lautre.net\/wp\/wp-content\/uploads\/2022\/09\/Image5-768x513.jpg 768w\" sizes=\"(max-width: 767px) 89vw, (max-width: 1000px) 54vw, (max-width: 1071px) 543px, 580px\" \/><figcaption> <em>\u00a9 Archives de Stolpersteine 67<\/em> <\/figcaption><\/figure>\n\n\n\n<div class=\"wp-block-image\"><figure class=\"alignright size-full is-resized\"><img decoding=\"async\" loading=\"lazy\" src=\"http:\/\/www.stolpersteine.lautre.net\/wp\/wp-content\/uploads\/2022\/09\/Image6.jpg\" alt=\"\" class=\"wp-image-1473\" width=\"351\" height=\"467\" srcset=\"http:\/\/www.stolpersteine.lautre.net\/wp\/wp-content\/uploads\/2022\/09\/Image6.jpg 468w, http:\/\/www.stolpersteine.lautre.net\/wp\/wp-content\/uploads\/2022\/09\/Image6-225x300.jpg 225w\" sizes=\"(max-width: 351px) 100vw, 351px\" \/><figcaption> <em>\u00a9 Archives de Stolpersteine 67<\/em> <\/figcaption><\/figure><\/div>\n\n\n\n<p><strong>\u00c0 11 heures<\/strong>, un Stolperstein a \u00e9t\u00e9 pos\u00e9 en la m\u00e9moire de <strong>Jean HELLER<\/strong> au 30 rue Oberlin. Cousin du grand-p\u00e8re de Natalie HELLER, secr\u00e9taire de notre association, notre membre a organis\u00e9 une c\u00e9r\u00e9monie en la m\u00e9moire de son parent, \u00e0 travers un discours fier et digne. Enfin, comme pour remonter l\u2019espace de quelques instants les aiguilles du temps, s&rsquo;\u00e9lev\u00e8rent <em>Le chant des partisans<\/em> et <em>Ceux du maquis<\/em>, une \u00e9vocation faisant une derni\u00e8re r\u00e9v\u00e9rence \u00e0 la vie de Jean, r\u00e9sistant qui jusqu\u2019\u00e0 son dernier souffle mena \u00e0 bien son devoir \u00e0 l\u2019\u00e9gard de sa ch\u00e8re patrie.&nbsp;&nbsp;&nbsp;&nbsp;&nbsp;&nbsp;&nbsp;<strong>&nbsp;&nbsp;&nbsp;&nbsp;&nbsp;&nbsp;&nbsp;&nbsp;&nbsp;&nbsp;&nbsp;&nbsp;&nbsp;&nbsp;&nbsp;&nbsp;&nbsp;&nbsp;&nbsp;&nbsp;&nbsp;&nbsp;&nbsp;&nbsp;&nbsp;&nbsp;&nbsp;&nbsp;&nbsp;&nbsp;&nbsp;&nbsp;&nbsp;&nbsp;&nbsp;&nbsp;&nbsp;&nbsp;&nbsp;&nbsp;&nbsp;&nbsp;&nbsp;&nbsp;&nbsp;&nbsp;&nbsp;&nbsp;&nbsp;&nbsp;&nbsp; &nbsp;&nbsp;&nbsp;&nbsp;&nbsp;&nbsp;&nbsp;&nbsp;&nbsp;&nbsp;&nbsp;&nbsp;&nbsp;&nbsp;&nbsp;&nbsp;&nbsp;&nbsp;&nbsp;&nbsp;&nbsp;&nbsp;&nbsp;&nbsp;&nbsp;&nbsp;&nbsp;&nbsp;&nbsp;&nbsp;&nbsp;&nbsp;&nbsp;&nbsp;&nbsp;&nbsp;&nbsp;&nbsp;&nbsp;&nbsp;&nbsp;&nbsp;&nbsp;&nbsp;&nbsp;&nbsp;&nbsp;&nbsp;&nbsp;&nbsp;&nbsp;&nbsp;&nbsp;&nbsp;&nbsp;&nbsp;&nbsp;&nbsp; &nbsp;&nbsp;&nbsp;&nbsp;&nbsp;&nbsp;&nbsp;&nbsp;&nbsp;&nbsp;&nbsp;<\/strong><\/p>\n\n\n\n<p><\/p>\n\n\n\n<figure class=\"wp-block-video\"><video controls src=\"http:\/\/www.stolpersteine.lautre.net\/wp\/wp-content\/uploads\/2022\/09\/20220718_120433.mp4\"><\/video><figcaption> <em>\u00a9 Archives de Stolpersteine 67 \/ Florian BUDA<\/em><\/figcaption><\/figure>\n\n\n\n<figure class=\"wp-block-video\"><video controls src=\"http:\/\/www.stolpersteine.lautre.net\/wp\/wp-content\/uploads\/2022\/09\/20220718_115654.mp4\"><\/video><figcaption> <em>\u00a9 Archives de Stolpersteine 67 \/ Florian BUDA<\/em><\/figcaption><\/figure>\n\n\n\n<div class=\"wp-block-image\"><figure class=\"alignleft size-full is-resized\"><img decoding=\"async\" loading=\"lazy\" src=\"http:\/\/www.stolpersteine.lautre.net\/wp\/wp-content\/uploads\/2022\/09\/Image7.jpg\" alt=\"\" class=\"wp-image-1479\" width=\"357\" height=\"476\" srcset=\"http:\/\/www.stolpersteine.lautre.net\/wp\/wp-content\/uploads\/2022\/09\/Image7.jpg 476w, http:\/\/www.stolpersteine.lautre.net\/wp\/wp-content\/uploads\/2022\/09\/Image7-225x300.jpg 225w\" sizes=\"(max-width: 357px) 100vw, 357px\" \/><figcaption> <em>\u00a9 Archives de Stolpersteine 67<\/em> <\/figcaption><\/figure><\/div>\n\n\n\n<p><strong>\u00c0 14 heures, <\/strong>un Stolperstein a \u00e9t\u00e9 pos\u00e9 en la m\u00e9moire de <strong>Lucien KAHN<\/strong> au 1 rue Gustave Klotz. N\u00e9 le 4 d\u00e9cembre 1887 \u00e0 Dettwiller (Bas-Rhin), il est l&rsquo;une des 36 victimes juives du massacre des puits de Guerry \u00e0 Savigny-en-Septaine (Cher) le 24 juillet 1944. Son nom par ailleurs figure sur les st\u00e8les d\u2019hommage \u00e0 Saint-Amand-Montrond. Organis\u00e9 \u00e0 la d\u00e9rob\u00e9e, contrairement aux us nazies, seules deux femmes parviendront \u00e0 \u00e9chapper \u00e0 ce funeste destin. Celles-ci, parce qu\u2019elles savaient l\u2019allemand, ont r\u00e9ussi cons\u00e9quemment \u00e0 se faire passer pour chr\u00e9tiennes. Sine qua non, elles auraient \u00e9t\u00e9 elles aussi parmi les supplici\u00e9s. L\u2019une de ces deux dames \u00e9tait la femme de Lucien KAHN. Enfin, Laurence JOST-LIENHARD, maire de Bosselshausen et secr\u00e9taire g\u00e9n\u00e9rale de l&rsquo;association des Maires et Pr\u00e9sidents d&rsquo;intercommunalit\u00e9s 67, auteure de <em>Kaddish pour un prof<\/em>, <em>Le Coll\u00e8ge de Bouxwiller dans la tourmente de la Shoah<\/em>, nous accorda le privil\u00e8ge de sa pr\u00e9sence et pronon\u00e7a un touchant discours.<\/p>\n\n\n\n<figure class=\"wp-block-image size-large\"><img decoding=\"async\" loading=\"lazy\" width=\"1024\" height=\"768\" src=\"http:\/\/www.stolpersteine.lautre.net\/wp\/wp-content\/uploads\/2022\/09\/20220718_140729-1024x768.jpg\" alt=\"\" class=\"wp-image-1483\" srcset=\"http:\/\/www.stolpersteine.lautre.net\/wp\/wp-content\/uploads\/2022\/09\/20220718_140729-1024x768.jpg 1024w, http:\/\/www.stolpersteine.lautre.net\/wp\/wp-content\/uploads\/2022\/09\/20220718_140729-300x225.jpg 300w, http:\/\/www.stolpersteine.lautre.net\/wp\/wp-content\/uploads\/2022\/09\/20220718_140729-768x576.jpg 768w, http:\/\/www.stolpersteine.lautre.net\/wp\/wp-content\/uploads\/2022\/09\/20220718_140729-1536x1152.jpg 1536w, http:\/\/www.stolpersteine.lautre.net\/wp\/wp-content\/uploads\/2022\/09\/20220718_140729-2048x1536.jpg 2048w\" sizes=\"(max-width: 767px) 89vw, (max-width: 1000px) 54vw, (max-width: 1071px) 543px, 580px\" \/><figcaption> <em>\u00a9 Archives de Stolpersteine 67 \/ Florian BUDA<\/em><\/figcaption><\/figure>\n\n\n\n<div class=\"wp-block-image\"><figure class=\"aligncenter size-large is-resized\"><img decoding=\"async\" loading=\"lazy\" src=\"http:\/\/www.stolpersteine.lautre.net\/wp\/wp-content\/uploads\/2022\/09\/20220718_142009-1024x768.jpg\" alt=\"\" class=\"wp-image-1481\" width=\"768\" height=\"576\" srcset=\"http:\/\/www.stolpersteine.lautre.net\/wp\/wp-content\/uploads\/2022\/09\/20220718_142009-1024x768.jpg 1024w, http:\/\/www.stolpersteine.lautre.net\/wp\/wp-content\/uploads\/2022\/09\/20220718_142009-300x225.jpg 300w, http:\/\/www.stolpersteine.lautre.net\/wp\/wp-content\/uploads\/2022\/09\/20220718_142009-768x576.jpg 768w, http:\/\/www.stolpersteine.lautre.net\/wp\/wp-content\/uploads\/2022\/09\/20220718_142009-1536x1152.jpg 1536w, http:\/\/www.stolpersteine.lautre.net\/wp\/wp-content\/uploads\/2022\/09\/20220718_142009-2048x1536.jpg 2048w\" sizes=\"(max-width: 767px) 89vw, (max-width: 1000px) 54vw, (max-width: 1071px) 543px, 580px\" \/><figcaption> <em>\u00a9 Archives de Stolpersteine 67 \/ Florian BUDA<\/em><\/figcaption><\/figure><\/div>\n\n\n\n<div class=\"wp-block-image\"><figure class=\"alignright size-full is-resized\"><img decoding=\"async\" loading=\"lazy\" src=\"http:\/\/www.stolpersteine.lautre.net\/wp\/wp-content\/uploads\/2022\/09\/Image8.jpg\" alt=\"\" class=\"wp-image-1485\" width=\"358\" height=\"476\" srcset=\"http:\/\/www.stolpersteine.lautre.net\/wp\/wp-content\/uploads\/2022\/09\/Image8.jpg 477w, http:\/\/www.stolpersteine.lautre.net\/wp\/wp-content\/uploads\/2022\/09\/Image8-225x300.jpg 225w\" sizes=\"(max-width: 358px) 100vw, 358px\" \/><figcaption><em> \u00a9 Archives de Stolpersteine 67 <\/em><\/figcaption><\/figure><\/div>\n\n\n\n<p>Enfin, pour clore cette journ\u00e9e, un Stolperstein a \u00e9t\u00e9 pos\u00e9<strong> \u00e0 15 heures <\/strong>en la m\u00e9moire<strong> <\/strong>d\u2019<strong>Oscar EHRLICH <\/strong>au 8 rue Marbach. Une de ses s\u0153urs, toujours vivante, nous a honor\u00e9 de sa pr\u00e9sence en compagnie de nombreux membres de sa famille.<strong>&nbsp;&nbsp;&nbsp;&nbsp;&nbsp;&nbsp;&nbsp;&nbsp;&nbsp;&nbsp;&nbsp;&nbsp;&nbsp;&nbsp;&nbsp;&nbsp;&nbsp;&nbsp;&nbsp;&nbsp;&nbsp;&nbsp;&nbsp;&nbsp;&nbsp;&nbsp;&nbsp;&nbsp;&nbsp;&nbsp;&nbsp;&nbsp;&nbsp;&nbsp;&nbsp;&nbsp;&nbsp;&nbsp;&nbsp;&nbsp;&nbsp; &nbsp;&nbsp;&nbsp;&nbsp;&nbsp;&nbsp;&nbsp;&nbsp;&nbsp;&nbsp;&nbsp;<\/strong><\/p>\n\n\n\n<p><\/p>\n\n\n\n<p><\/p>\n\n\n\n<p><\/p>\n\n\n\n<p><\/p>\n\n\n\n<p><\/p>\n\n\n\n<div class=\"wp-block-image\"><figure class=\"aligncenter size-large is-resized\"><img decoding=\"async\" loading=\"lazy\" src=\"http:\/\/www.stolpersteine.lautre.net\/wp\/wp-content\/uploads\/2022\/09\/20220718_150931-1-1024x768.jpg\" alt=\"\" class=\"wp-image-1491\" width=\"768\" height=\"576\" srcset=\"http:\/\/www.stolpersteine.lautre.net\/wp\/wp-content\/uploads\/2022\/09\/20220718_150931-1-1024x768.jpg 1024w, http:\/\/www.stolpersteine.lautre.net\/wp\/wp-content\/uploads\/2022\/09\/20220718_150931-1-300x225.jpg 300w, http:\/\/www.stolpersteine.lautre.net\/wp\/wp-content\/uploads\/2022\/09\/20220718_150931-1-768x576.jpg 768w, http:\/\/www.stolpersteine.lautre.net\/wp\/wp-content\/uploads\/2022\/09\/20220718_150931-1-1536x1152.jpg 1536w, http:\/\/www.stolpersteine.lautre.net\/wp\/wp-content\/uploads\/2022\/09\/20220718_150931-1-2048x1536.jpg 2048w\" sizes=\"(max-width: 767px) 89vw, (max-width: 1000px) 54vw, (max-width: 1071px) 543px, 580px\" \/><figcaption> <em>\u00a9 Archives de Stolpersteine 67 \/ Florian BUDA<\/em><\/figcaption><\/figure><\/div>\n\n\n\n<div class=\"wp-block-image\"><figure class=\"aligncenter size-large\"><img decoding=\"async\" loading=\"lazy\" width=\"1024\" height=\"768\" src=\"http:\/\/www.stolpersteine.lautre.net\/wp\/wp-content\/uploads\/2022\/09\/20220718_152608-1024x768.jpg\" alt=\"\" class=\"wp-image-1493\" srcset=\"http:\/\/www.stolpersteine.lautre.net\/wp\/wp-content\/uploads\/2022\/09\/20220718_152608-1024x768.jpg 1024w, http:\/\/www.stolpersteine.lautre.net\/wp\/wp-content\/uploads\/2022\/09\/20220718_152608-300x225.jpg 300w, http:\/\/www.stolpersteine.lautre.net\/wp\/wp-content\/uploads\/2022\/09\/20220718_152608-768x576.jpg 768w, http:\/\/www.stolpersteine.lautre.net\/wp\/wp-content\/uploads\/2022\/09\/20220718_152608-1536x1152.jpg 1536w, http:\/\/www.stolpersteine.lautre.net\/wp\/wp-content\/uploads\/2022\/09\/20220718_152608-2048x1536.jpg 2048w\" sizes=\"(max-width: 767px) 89vw, (max-width: 1000px) 54vw, (max-width: 1071px) 543px, 580px\" \/><figcaption> <em>\u00a9 Archives de Stolpersteine 67 \/ Florian BUDA<\/em><\/figcaption><\/figure><\/div>\n\n\n\n<div class=\"wp-block-image\"><figure class=\"aligncenter size-large is-resized\"><img decoding=\"async\" loading=\"lazy\" src=\"http:\/\/www.stolpersteine.lautre.net\/wp\/wp-content\/uploads\/2022\/09\/20220718_154603-1024x768.jpg\" alt=\"\" class=\"wp-image-1487\" width=\"768\" height=\"576\" srcset=\"http:\/\/www.stolpersteine.lautre.net\/wp\/wp-content\/uploads\/2022\/09\/20220718_154603-1024x768.jpg 1024w, http:\/\/www.stolpersteine.lautre.net\/wp\/wp-content\/uploads\/2022\/09\/20220718_154603-300x225.jpg 300w, http:\/\/www.stolpersteine.lautre.net\/wp\/wp-content\/uploads\/2022\/09\/20220718_154603-768x576.jpg 768w, http:\/\/www.stolpersteine.lautre.net\/wp\/wp-content\/uploads\/2022\/09\/20220718_154603-1536x1152.jpg 1536w, http:\/\/www.stolpersteine.lautre.net\/wp\/wp-content\/uploads\/2022\/09\/20220718_154603-2048x1536.jpg 2048w\" sizes=\"(max-width: 767px) 89vw, (max-width: 1000px) 54vw, (max-width: 1071px) 543px, 580px\" \/><figcaption> <em>\u00a9 Archives de Stolpersteine 67 <\/em>\/ Florian BUDA<\/figcaption><\/figure><\/div>\n\n\n\n<p>L\u2019ensemble des membres de notre association remercie chaleureusement le soutien de tous les organismes cit\u00e9s plus haut, mais aussi la pr\u00e9sence de toutes les personnes qui sont venues assister \u00e0 cette journ\u00e9e en notre compagnie. Au surplus, une pens\u00e9e chaleureuse au grand rabbin Harold Weill qui s\u2019est d\u00e9plac\u00e9 \u00e0 chacune des c\u00e9r\u00e9monies pour soutenir et accompagner les familles dans cette journ\u00e9e o\u00f9, ensemble, nous avons p\u00e9rennis\u00e9 le souvenir de tant de disparus, afin de rendre aux victimes toute leur dignit\u00e9, et que jamais plus l&rsquo;antis\u00e9mitisme ne puisse mener \u00e0 une telle trag\u00e9die.<\/p>\n\n\n\n<p><strong>Pour plus d\u2019informations, \u00e0 partir du lien suivant, retrouvez sur cette page toutes les biographies des personnes qui ont b\u00e9n\u00e9fici\u00e9 d\u2019un stolperstein le 18 juillet 2022&nbsp;:<\/strong> <em>(En cours de r\u00e9daction)<\/em><\/p>\n\n\n\n<p class=\"has-text-align-right\"><em>Par Florian BUDA<\/em>.<\/p>\n","protected":false},"excerpt":{"rendered":"<p>Quelques mots du pr\u00e9sident de l\u2019association Stolpersteine 67 en cette journ\u00e9e du 18 juillet 2022&nbsp;: \u00ab Le lundi 18 juillet dernier, 4 importantes c\u00e9r\u00e9monies de poses de Stolpersteine ont eu lieu \u00e0 Strasbourg ville. La c\u00e9r\u00e9monie officielle qui a marqu\u00e9 le d\u00e9but des poses, s\u2019est d\u00e9roul\u00e9e au 26 avenue de la Marseillaise, \u00e0 la m\u00e9moire &hellip; <\/p>\n<p class=\"link-more\"><a href=\"http:\/\/www.stolpersteine.lautre.net\/wp\/2022\/09\/09\/ceremonies-de-poses-du-18-juillet-2022\/\" class=\"more-link\">Continuer la lecture<span class=\"screen-reader-text\"> de &laquo;&nbsp;C\u00e9r\u00e9monies de poses du 18 juillet 2022&nbsp;&raquo;<\/span><\/a><\/p>\n","protected":false},"author":5,"featured_media":0,"comment_status":"open","ping_status":"open","sticky":false,"template":"","format":"standard","meta":[],"categories":[1],"tags":[15,27,17,21,29,35,23,33,37,19,13],"_links":{"self":[{"href":"http:\/\/www.stolpersteine.lautre.net\/wp\/wp-json\/wp\/v2\/posts\/1445"}],"collection":[{"href":"http:\/\/www.stolpersteine.lautre.net\/wp\/wp-json\/wp\/v2\/posts"}],"about":[{"href":"http:\/\/www.stolpersteine.lautre.net\/wp\/wp-json\/wp\/v2\/types\/post"}],"author":[{"embeddable":true,"href":"http:\/\/www.stolpersteine.lautre.net\/wp\/wp-json\/wp\/v2\/users\/5"}],"replies":[{"embeddable":true,"href":"http:\/\/www.stolpersteine.lautre.net\/wp\/wp-json\/wp\/v2\/comments?post=1445"}],"version-history":[{"count":23,"href":"http:\/\/www.stolpersteine.lautre.net\/wp\/wp-json\/wp\/v2\/posts\/1445\/revisions"}],"predecessor-version":[{"id":2045,"href":"http:\/\/www.stolpersteine.lautre.net\/wp\/wp-json\/wp\/v2\/posts\/1445\/revisions\/2045"}],"wp:attachment":[{"href":"http:\/\/www.stolpersteine.lautre.net\/wp\/wp-json\/wp\/v2\/media?parent=1445"}],"wp:term":[{"taxonomy":"category","embeddable":true,"href":"http:\/\/www.stolpersteine.lautre.net\/wp\/wp-json\/wp\/v2\/categories?post=1445"},{"taxonomy":"post_tag","embeddable":true,"href":"http:\/\/www.stolpersteine.lautre.net\/wp\/wp-json\/wp\/v2\/tags?post=1445"}],"curies":[{"name":"wp","href":"https:\/\/api.w.org\/{rel}","templated":true}]}}